{"id":2274,"date":"2023-10-06T07:48:15","date_gmt":"2023-10-06T07:48:15","guid":{"rendered":"https:\/\/apers.ro\/2023\/10\/06\/the-worlds-longest-maritime-power-cable-will-transport-renewable-energy-from-the-sahara-to-the-uk-opening-up-new-possibilities-worldwide\/"},"modified":"2024-10-09T14:21:50","modified_gmt":"2024-10-09T14:21:50","slug":"the-worlds-longest-maritime-power-cable-will-transport-renewable-energy-from-the-sahara-to-the-uk-opening-up-new-possibilities-worldwide","status":"publish","type":"post","link":"https:\/\/apers.ro\/en\/2023\/10\/06\/the-worlds-longest-maritime-power-cable-will-transport-renewable-energy-from-the-sahara-to-the-uk-opening-up-new-possibilities-worldwide\/","title":{"rendered":"The world&#8217;s longest maritime power cable will transport renewable energy from the Sahara to the UK, opening up new possibilities worldwide"},"content":{"rendered":"<div class=\"wpb-content-wrapper\"><p>[vc_row][vc_column]\t\t\t<link rel=\"stylesheet\" id=\"wd-text-block-css\" href=\"https:\/\/apers.ro\/wp-content\/themes\/woodmart\/css\/parts\/el-text-block.min.css?ver=7.0.4\" type=\"text\/css\" media=\"all\" \/> \t\t\t\t\t<div id=\"wd-651fba13c2899\" class=\"wd-text-block wd-wpb reset-last-child wd-rs-651fba13c2899 text-left \">\n\t\t\t<p>A grandiose new project of huge importance to the UK and Morocco, but also globally as a technological first, has been approved by the UK government as a project of national strategic importance, guaranteeing its implementation by bypassing the local approvals and lengthy bureaucratic procedures that such a project would normally have to go through. The new project, developed by Xlinks, is called the Morroco-UK Power Project and will see renewable energy produced in the Sahara and transported to the UK by direct sea cables, bringing the energy benefits of a sunny area to a rainy, sunless one for the first time in the world.<\/p>\n\t\t<\/div>\n\t\t\t\t<div id=\"wd-651fba67f1fb0\" class=\"wd-image wd-wpb wd-rs-651fba67f1fb0 text-center \">\n\t\t\t\n\t\t\t<img loading=\"lazy\" decoding=\"async\" width=\"2560\" height=\"1440\" src=\"https:\/\/apers.ro\/wp-content\/uploads\/2023\/10\/img-8-enhance-4x-scaled.jpeg\" class=\"attachment-full\" alt=\"\" title=\"img (8)-enhance-4x\" srcset=\"https:\/\/apers.ro\/wp-content\/uploads\/2023\/10\/img-8-enhance-4x-scaled.jpeg 2560w, https:\/\/apers.ro\/wp-content\/uploads\/2023\/10\/img-8-enhance-4x-300x169.jpeg 300w, https:\/\/apers.ro\/wp-content\/uploads\/2023\/10\/img-8-enhance-4x-1024x576.jpeg 1024w, https:\/\/apers.ro\/wp-content\/uploads\/2023\/10\/img-8-enhance-4x-768x432.jpeg 768w, https:\/\/apers.ro\/wp-content\/uploads\/2023\/10\/img-8-enhance-4x-1536x864.jpeg 1536w, https:\/\/apers.ro\/wp-content\/uploads\/2023\/10\/img-8-enhance-4x-2048x1152.jpeg 2048w\" sizes=\"auto, (max-width: 2560px) 100vw, 2560px\" \/>\n\t\t\t\t\t<\/div>\n\t\t[\/vc_column][\/vc_row][vc_row][vc_column]\t\t<div id=\"wd-651fba939528d\" class=\"wd-text-block wd-wpb reset-last-child wd-rs-651fba939528d text-left \">\n\t\t\t<p>The Xlinks have a global planet-wide vision for such ideas and want to get to a stage where the whole planet would be interconnected by powerful cables, with huge solar power generation parks all around the equator. The sun never sets over the whole planet at once, so about half the planet would always be producing energy from solar sources, delivering it for the benefit of all. If we ended up with such an interconnected system across the planet, with large reserves of power to cover all the intermittencies of weather and seasons, then we wouldn&#8217;t really need large batteries to store renewable energy across the country, because we simply give the surplus to others at midday and then take it back from others when we need it.<\/p>\n\t\t<\/div>\n\t\t\t\t<div id=\"wd-651fba9d80811\" class=\"wd-image wd-wpb wd-rs-651fba9d80811 text-center \">\n\t\t\t\n\t\t\t<img loading=\"lazy\" decoding=\"async\" width=\"2560\" height=\"1402\" src=\"https:\/\/apers.ro\/wp-content\/uploads\/2023\/10\/img-7-enhance-4x-scaled.jpeg\" class=\"attachment-full\" alt=\"\" title=\"img (7)-enhance-4x\" srcset=\"https:\/\/apers.ro\/wp-content\/uploads\/2023\/10\/img-7-enhance-4x-scaled.jpeg 2560w, https:\/\/apers.ro\/wp-content\/uploads\/2023\/10\/img-7-enhance-4x-300x164.jpeg 300w, https:\/\/apers.ro\/wp-content\/uploads\/2023\/10\/img-7-enhance-4x-1024x561.jpeg 1024w, https:\/\/apers.ro\/wp-content\/uploads\/2023\/10\/img-7-enhance-4x-768x421.jpeg 768w, https:\/\/apers.ro\/wp-content\/uploads\/2023\/10\/img-7-enhance-4x-1536x841.jpeg 1536w, https:\/\/apers.ro\/wp-content\/uploads\/2023\/10\/img-7-enhance-4x-2048x1122.jpeg 2048w\" sizes=\"auto, (max-width: 2560px) 100vw, 2560px\" \/>\n\t\t\t\t\t<\/div>\n\t\t[\/vc_column][\/vc_row][vc_row][vc_column]\t\t<div id=\"wd-651fbab76a0f1\" class=\"wd-text-block wd-wpb reset-last-child wd-rs-651fbab76a0f1 text-left \">\n\t\t\t<p>Sounds like a brilliant idea, which can only work when the whole planet is united in such a drive. Until that could materialize, Xlinks have been trying to convince the British and Moroccan governments to develop and implement a first phase of such a project that would really work and bring huge benefits to both countries. Morocco has transformed itself in recent years from a major electricity importer into a growing exporter thanks to its huge, ever-expanding mirror solar power plants. And since the Xlinks project involves building new renewable energy capacity in Morocco, employing thousands of people, and delivering this renewable energy to the UK, helping the latter meet its electricity demand for the transition to electric cars and a CO2-neutral economy in general, the project has been approved by both governments. And now, from the approval of the idea in principle, it has moved on to being classified as a strategic project of national importance, which allows it to go straight to quick and final approvals and design, construction and implementation, with clear terms.<\/p>\n\t\t<\/div>\n\t\t\t\t<div id=\"wd-651fbac5168b9\" class=\"wd-image wd-wpb wd-rs-651fbac5168b9 text-center \">\n\t\t\t\n\t\t\t<img loading=\"lazy\" decoding=\"async\" width=\"2560\" height=\"1440\" src=\"https:\/\/apers.ro\/wp-content\/uploads\/2023\/10\/img-6-enhance-4x-scaled.jpeg\" class=\"attachment-full\" alt=\"Central\u0103 solar\u0103 cu oglinzi, care-\u015fi reflect\u0103 lumina spre un turn central, din Maroc\" title=\"img (6)-enhance-4x\" srcset=\"https:\/\/apers.ro\/wp-content\/uploads\/2023\/10\/img-6-enhance-4x-scaled.jpeg 2560w, https:\/\/apers.ro\/wp-content\/uploads\/2023\/10\/img-6-enhance-4x-300x169.jpeg 300w, https:\/\/apers.ro\/wp-content\/uploads\/2023\/10\/img-6-enhance-4x-1024x576.jpeg 1024w, https:\/\/apers.ro\/wp-content\/uploads\/2023\/10\/img-6-enhance-4x-768x432.jpeg 768w, https:\/\/apers.ro\/wp-content\/uploads\/2023\/10\/img-6-enhance-4x-1536x864.jpeg 1536w, https:\/\/apers.ro\/wp-content\/uploads\/2023\/10\/img-6-enhance-4x-2048x1152.jpeg 2048w\" sizes=\"auto, (max-width: 2560px) 100vw, 2560px\" \/>\n\t\t\t\t\t<\/div>\n\t\t[\/vc_column][\/vc_row][vc_row][vc_column]\t\t<div id=\"wd-651fbad5bc0c9\" class=\"wd-text-block wd-wpb reset-last-child wd-rs-651fbad5bc0c9 text-left \">\n\t\t\t<p>The project involves the construction of solar and wind power generation capacities in the Guelmim-Oued Noun region of Morocco, with a huge installed capacity of 10.5 GW in total! For comparison, the most powerful nuclear reactor in Europe, Olkiluoto 3, inaugurated in April this year in Finland, has 1.6 GW of power. So 10.5 GW is 6.5 times more!<\/p>\n\t\t<\/div>\n\t\t\t\t<div id=\"wd-651fbae4793be\" class=\"wd-image wd-wpb wd-rs-651fbae4793be text-center \">\n\t\t\t\n\t\t\t<img loading=\"lazy\" decoding=\"async\" width=\"2560\" height=\"1440\" src=\"https:\/\/apers.ro\/wp-content\/uploads\/2023\/10\/img-5-enhance-4x-scaled.jpeg\" class=\"attachment-full\" alt=\"\" title=\"img (5)-enhance-4x\" srcset=\"https:\/\/apers.ro\/wp-content\/uploads\/2023\/10\/img-5-enhance-4x-scaled.jpeg 2560w, https:\/\/apers.ro\/wp-content\/uploads\/2023\/10\/img-5-enhance-4x-300x169.jpeg 300w, https:\/\/apers.ro\/wp-content\/uploads\/2023\/10\/img-5-enhance-4x-1024x576.jpeg 1024w, https:\/\/apers.ro\/wp-content\/uploads\/2023\/10\/img-5-enhance-4x-768x432.jpeg 768w, https:\/\/apers.ro\/wp-content\/uploads\/2023\/10\/img-5-enhance-4x-1536x864.jpeg 1536w, https:\/\/apers.ro\/wp-content\/uploads\/2023\/10\/img-5-enhance-4x-2048x1152.jpeg 2048w\" sizes=\"auto, (max-width: 2560px) 100vw, 2560px\" \/>\n\t\t\t\t\t<\/div>\n\t\t[\/vc_column][\/vc_row][vc_row][vc_column]\t\t<div id=\"wd-651fbaf69e086\" class=\"wd-text-block wd-wpb reset-last-child wd-rs-651fbaf69e086 text-left \">\n\t\t\t<p>But of course, speaking of solar and wind, there are intermittencies, so the final yield is lower. However, the concept of the new project assumes that it will also have batteries totaling 20 GWh of storage capacity, with 5 GW of power delivered to the grid from the batteries alone, which means that at full power they can still provide 4 hours of electricity, even during late evening or night. Solar energy will be produced by photovoltaic panels that track the angle of the sun throughout the day for higher efficiency.<\/p>\n\t\t<\/div>\n\t\t\t\t<div id=\"wd-651fbb027a159\" class=\"wd-image wd-wpb wd-rs-651fbb027a159 text-center \">\n\t\t\t\n\t\t\t<img loading=\"lazy\" decoding=\"async\" width=\"2560\" height=\"1440\" src=\"https:\/\/apers.ro\/wp-content\/uploads\/2023\/10\/img-4-enhance-4x-scaled.jpeg\" class=\"attachment-full\" alt=\"\" title=\"img (4)-enhance-4x\" srcset=\"https:\/\/apers.ro\/wp-content\/uploads\/2023\/10\/img-4-enhance-4x-scaled.jpeg 2560w, https:\/\/apers.ro\/wp-content\/uploads\/2023\/10\/img-4-enhance-4x-300x169.jpeg 300w, https:\/\/apers.ro\/wp-content\/uploads\/2023\/10\/img-4-enhance-4x-1024x576.jpeg 1024w, https:\/\/apers.ro\/wp-content\/uploads\/2023\/10\/img-4-enhance-4x-768x432.jpeg 768w, https:\/\/apers.ro\/wp-content\/uploads\/2023\/10\/img-4-enhance-4x-1536x864.jpeg 1536w, https:\/\/apers.ro\/wp-content\/uploads\/2023\/10\/img-4-enhance-4x-2048x1152.jpeg 2048w\" sizes=\"auto, (max-width: 2560px) 100vw, 2560px\" \/>\n\t\t\t\t\t<\/div>\n\t\t[\/vc_column][\/vc_row][vc_row][vc_column]\t\t<div id=\"wd-651fbb0e7ef8e\" class=\"wd-text-block wd-wpb reset-last-child wd-rs-651fbb0e7ef8e text-left \">\n\t\t\t<p>The two renewable energy sources, solar and wind, in the Sahara, with the battery power plant next door, will be spread across 1,500 square kilometers of desert and will provide Britain with an average of 3.6 GW of power, averaged over 20 hours a day. Basically, energy will not be supplied only at night and in the morning, when consumption is minimal. Day and evening it will provide virtually constant supply, thanks to the batteries there is also the possibility to cover evening peaks. An elementary calculation shows that 3.6 GW of power averaged over an average of 20 hours a day means 72 GWh of electricity delivered every day to the UK from Morocco. On a year level, that is. That&#8217;s 26.28 TWh of electricity, more than half of Romania&#8217;s annual consumption and 6 times more than Moldova&#8217;s annual consumption.<\/p>\n\t\t<\/div>\n\t\t\t\t<div id=\"wd-651fbb31d6144\" class=\"wd-image wd-wpb wd-rs-651fbb31d6144 text-center \">\n\t\t\t\n\t\t\t<img loading=\"lazy\" decoding=\"async\" width=\"2560\" height=\"1397\" src=\"https:\/\/apers.ro\/wp-content\/uploads\/2023\/10\/img-3-enhance-4x-scaled.jpeg\" class=\"attachment-full\" alt=\"Central\u0103 solar\u0103 cu oglinzi, care-\u015fi reflect\u0103 lumina spre un turn central, din Maroc\" title=\"img (3)-enhance-4x\" srcset=\"https:\/\/apers.ro\/wp-content\/uploads\/2023\/10\/img-3-enhance-4x-scaled.jpeg 2560w, https:\/\/apers.ro\/wp-content\/uploads\/2023\/10\/img-3-enhance-4x-300x164.jpeg 300w, https:\/\/apers.ro\/wp-content\/uploads\/2023\/10\/img-3-enhance-4x-1024x559.jpeg 1024w, https:\/\/apers.ro\/wp-content\/uploads\/2023\/10\/img-3-enhance-4x-768x419.jpeg 768w, https:\/\/apers.ro\/wp-content\/uploads\/2023\/10\/img-3-enhance-4x-1536x838.jpeg 1536w, https:\/\/apers.ro\/wp-content\/uploads\/2023\/10\/img-3-enhance-4x-2048x1118.jpeg 2048w\" sizes=\"auto, (max-width: 2560px) 100vw, 2560px\" \/>\n\t\t\t\t\t<\/div>\n\t\t[\/vc_column][\/vc_row][vc_row][vc_column]\t\t<div id=\"wd-651fbb48adc2d\" class=\"wd-text-block wd-wpb reset-last-child wd-rs-651fbb48adc2d text-left \">\n\t\t\t<p>This project alone will provide the UK with 8% of the electricity it will need in 2030, with all the expected increases from electric cars. The project is due to become fully operational in 2029, with the sea cables laid. And the cables will stretch 3,800 km from the west coast of Morocco to the UK, past Portugal, Spain and France, making it the world&#8217;s longest maritime power cable! The wiring group will consist of 4 units, separately drawn for redundancy.<\/p>\n\t\t<\/div>\n\t\t\t\t<div id=\"wd-651fbb53ceae0\" class=\"wd-image wd-wpb wd-rs-651fbb53ceae0 text-center \">\n\t\t\t\n\t\t\t<img loading=\"lazy\" decoding=\"async\" width=\"2560\" height=\"1440\" src=\"https:\/\/apers.ro\/wp-content\/uploads\/2023\/10\/img-2-enhance-4x-scaled.jpeg\" class=\"attachment-full\" alt=\"A\u015fa arat\u0103 cablurile maitime ale celor de la Xlinks\" title=\"img (2)-enhance-4x\" srcset=\"https:\/\/apers.ro\/wp-content\/uploads\/2023\/10\/img-2-enhance-4x-scaled.jpeg 2560w, https:\/\/apers.ro\/wp-content\/uploads\/2023\/10\/img-2-enhance-4x-300x169.jpeg 300w, https:\/\/apers.ro\/wp-content\/uploads\/2023\/10\/img-2-enhance-4x-1024x576.jpeg 1024w, https:\/\/apers.ro\/wp-content\/uploads\/2023\/10\/img-2-enhance-4x-768x432.jpeg 768w, https:\/\/apers.ro\/wp-content\/uploads\/2023\/10\/img-2-enhance-4x-1536x864.jpeg 1536w, https:\/\/apers.ro\/wp-content\/uploads\/2023\/10\/img-2-enhance-4x-2048x1152.jpeg 2048w\" sizes=\"auto, (max-width: 2560px) 100vw, 2560px\" \/>\n\t\t\t\t\t<\/div>\n\t\t[\/vc_column][\/vc_row][vc_row][vc_column]\t\t<div id=\"wd-651fbb6ddc41a\" class=\"wd-text-block wd-wpb reset-last-child wd-rs-651fbb6ddc41a text-left \">\n\t\t\t<p>The project authors say the solar panels generate 3 times more electricity in Morocco over 24 hours than they would in the UK, thanks to the angle of the sun and sunnier days. From January to March, the same panels produce 5 times more electricity in Morocco than in the UK, so generating electricity where it is most productive and transporting it to other regions is something that increases the efficiency of renewable energy production.<\/p>\n<p>For Morocco, this project will mean 10 thousand jobs during the construction phase, then 2 thousand permanent jobs, and a huge volume of exported energy. The project is estimated to cost \u00a320 billion.<\/p>\n\t\t<\/div>\n\t\t[\/vc_column][\/vc_row][vc_row][vc_column][vc_zigzag]\t\t<div id=\"wd-651fbb9f7f1b0\" class=\"wd-text-block wd-wpb reset-last-child wd-rs-651fbb9f7f1b0 text-left \">\n\t\t\t<p><a href=\"https:\/\/piataauto.md\/Stiri\/2023\/10\/Cel-mai-lung-cablu-electric-maritim-din-lume-va-transporta-energie-regenerabila-din-Sahara-spre-Marea-Britanie-deschizand-noi-posibilitati-in-lume\/\">Source<\/a>.<\/p>\n\t\t<\/div>\n\t\t[\/vc_column][\/vc_row]<\/p>\n<\/div>","protected":false},"excerpt":{"rendered":"<p>[vc_row][vc_column][\/vc_column][\/vc_row][vc_row][vc_column][\/vc_column][\/vc_row][vc_row][vc_column][\/vc_column][\/vc_row][vc_row][vc_column][\/vc_column][\/vc_row][vc_row][vc_column][\/vc_column][\/vc_row][vc_row][vc_column][\/vc_column][\/vc_row][vc_row][vc_column][\/vc_column][\/vc_row][vc_row][vc_column][\/vc_column][\/vc_row][vc_row][vc_column][vc_zigzag][\/vc_column][\/vc_row]<\/p>\n","protected":false},"author":4,"featured_media":1212,"comment_status":"open","ping_status":"open","sticky":false,"template":"","format":"standard","meta":{"footnotes":""},"categories":[72,71],"tags":[417,416,418],"class_list":["post-2274","post","type-post","status-publish","format-standard","has-post-thumbnail","hentry","category-electric-power","category-news","tag-maritime-electric-cable","tag-renewable-energy","tag-sahara-solar-panels"],"_links":{"self":[{"href":"https:\/\/apers.ro\/en\/wp-json\/wp\/v2\/posts\/2274","targetHints":{"allow":["GET"]}}],"collection":[{"href":"https:\/\/apers.ro\/en\/wp-json\/wp\/v2\/posts"}],"about":[{"href":"https:\/\/apers.ro\/en\/wp-json\/wp\/v2\/types\/post"}],"author":[{"embeddable":true,"href":"https:\/\/apers.ro\/en\/wp-json\/wp\/v2\/users\/4"}],"replies":[{"embeddable":true,"href":"https:\/\/apers.ro\/en\/wp-json\/wp\/v2\/comments?post=2274"}],"version-history":[{"count":2,"href":"https:\/\/apers.ro\/en\/wp-json\/wp\/v2\/posts\/2274\/revisions"}],"predecessor-version":[{"id":2280,"href":"https:\/\/apers.ro\/en\/wp-json\/wp\/v2\/posts\/2274\/revisions\/2280"}],"wp:featuredmedia":[{"embeddable":true,"href":"https:\/\/apers.ro\/en\/wp-json\/wp\/v2\/media\/1212"}],"wp:attachment":[{"href":"https:\/\/apers.ro\/en\/wp-json\/wp\/v2\/media?parent=2274"}],"wp:term":[{"taxonomy":"category","embeddable":true,"href":"https:\/\/apers.ro\/en\/wp-json\/wp\/v2\/categories?post=2274"},{"taxonomy":"post_tag","embeddable":true,"href":"https:\/\/apers.ro\/en\/wp-json\/wp\/v2\/tags?post=2274"}],"curies":[{"name":"wp","href":"https:\/\/api.w.org\/{rel}","templated":true}]}}